{"id":10531,"date":"2025-12-10T13:51:39","date_gmt":"2025-12-10T12:51:39","guid":{"rendered":"https:\/\/informatorszkolny.com\/?p=10531"},"modified":"2025-12-10T13:54:34","modified_gmt":"2025-12-10T12:54:34","slug":"harmonogram-dni-wolnych-na-studiach-w-roku-akademickim-2025-2026","status":"publish","type":"post","link":"https:\/\/informatorszkolny.com\/en\/harmonogram-dni-wolnych-na-studiach-w-roku-akademickim-2025-2026\/","title":{"rendered":"Harmonogram dni wolnych na studiach w roku akademickim 2025\/2026"},"content":{"rendered":"<p><b>Ka\u017cdego studenta interesuje organizacja roku akademickiego, a w szczeg\u00f3lno\u015bci dni wolne od zaj\u0119\u0107. Oto szczeg\u00f3\u0142owa rozpiska na 2025\/2026 rok.<\/b><\/p>\n<p>&nbsp;<\/p>\n<h2>Terminy zaj\u0119\u0107 dydaktycznych 2025\/2026<\/h2>\n<p>Na ka\u017cdej uczelni semestr zimowy rozpoczyna si\u0119 1 pa\u017adziernika, a trwa mniej wi\u0119cej do 22, 23 lub 26 lutego. Zaj\u0119cia w semestrze letnim rozpoczynaj\u0105 si\u0119, na drugi dzie\u0144 po zako\u0144czeniu zimowej sesji poprawkowej, a ko\u0144cz\u0105 si\u0119 w po\u0142owie czerwca. Np. Uniwersytet Jagiello\u0144ski przygotowa\u0142 nast\u0119puj\u0105cy podzia\u0142 zaj\u0119\u0107 dydaktycznych:<\/p>\n<ul>\n<li aria-level=\"1\">2 pa\u017adziernika \u2013 21 grudnia 2025 roku,<\/li>\n<li aria-level=\"1\">8-28 stycznia 2026 roku,<\/li>\n<li aria-level=\"1\">26 lutego \u2013 1 kwietnia 2026 roku,<\/li>\n<li aria-level=\"1\">8 kwietnia \u2013 14 czerwca 2026 roku.<\/li>\n<\/ul>\n<p>&nbsp;<\/p>\n<h2>Sesje egzaminacyjne 2025\/2026<\/h2>\n<p>Zar\u00f3wno letnia, jak i zimowa sesja egzaminacyjna zazwyczaj trwaj\u0105 oko\u0142o 2 tygodnie. Na Uniwersytecie Jagiello\u0144skim, egzaminy w semestrze zimowym trwaj\u0105 od 29 stycznia do 11 lutego 2026 roku, a w semestrze letnim od 15 do 28 czerwca 2026 roku.<\/p>\n<p>&nbsp;<\/p>\n<p>Przewidziane s\u0105 r\u00f3wnie\u017c sesje poprawkowe:<\/p>\n<ul>\n<li aria-level=\"1\">19-25 lutego 2026 roku,<\/li>\n<li aria-level=\"1\">1-15 wrze\u015bnia 2026 roku.<\/li>\n<\/ul>\n<p>&nbsp;<\/p>\n<p>Na stronie ka\u017cdej uczelni mo\u017cna sprawdzi\u0107 dok\u0142adn\u0105 rozpisk\u0119 termin\u00f3w egzamin\u00f3w, a tak\u017ce termin\u00f3w sesji poprawkowych.<\/p>\n<p>&nbsp;<\/p>\n<h2>Podstawowe dni wolne od zaj\u0119\u0107 dydaktycznych 2025\/2026<\/h2>\n<p>Studenci mog\u0105 liczy\u0107 na d\u0142ug\u0105 przerw\u0119 \u015bwi\u0105teczn\u0105, kt\u00f3ra trwa od 22 grudnia 2025 roku do 7 stycznia 2026 roku. Pewna jest r\u00f3wnie\u017c tygodniowa przerwa semestralna w okresie zimowym, a jej termin jest uzale\u017cniony od sesji egzaminacyjnej. Czasem zdarza si\u0119, \u017ce studenci ju\u017c w pierwszych dw\u00f3ch dniach maj\u0105 za sob\u0105 egzaminy, a tym samym przerwa trwa dla nich znacznie d\u0142u\u017cej. Kolejna przerwa \u015bwi\u0105teczna zwi\u0105zana z Wielkanoc\u0105 trwa od 2 do 7 kwietnia 2026 roku.<\/p>\n<p>Przerwa wakacyjna na uczelniach rozpoczyna si\u0119 zawsze dzie\u0144 po ostatnim dniu egzamin\u00f3w w sesji letniej. Analogicznie do sesji zimowej, student mo\u017ce mie\u0107 wi\u0119cej dni wolnych, je\u017celi egzaminy zda na pocz\u0105tku sesji, czyli nawet od po\u0142owy czerwca.<\/p>\n<h2>Dodatkowe dni wolne od zaj\u0119\u0107 2025\/2026<\/h2>\n<p>W ka\u017cdym roku akademickim wypadaj\u0105 inne dodatkowe dni wolne od zaj\u0119\u0107 dydaktycznych, w zale\u017cno\u015bci od poprzedzaj\u0105cych je \u015bwi\u0105t czy dni ustawowo wolnych od pracy. W roku akademickim 2025\/2026 s\u0105 nimi:<\/p>\n<ul>\n<li aria-level=\"1\">31 pa\u017adziernika 2025 roku &#8211; 1 listopada wypada w sobot\u0119, dlatego wi\u0119kszo\u015b\u0107 uczelni ustali\u0142a godziny rektorskie na pi\u0105tek, aby studenci mieli wi\u0119cej czasu, \u017ceby dotrze\u0107 do dom\u00f3w rodzinnych.<\/li>\n<li aria-level=\"1\">10 listopada 2025 roku &#8211; 11 listopada wypada we wtorek, dlatego poniedzia\u0142ek zosta\u0142 ustalony jako dzie\u0144 wolny od zaj\u0119\u0107 dydaktycznych.<\/li>\n<li aria-level=\"1\">Pi\u0105tek w tygodniu, w kt\u00f3rym odbywaj\u0105 si\u0119 Juwenalia.<\/li>\n<\/ul>\n<p>Ka\u017cda uczelnia mo\u017ce ustali\u0107 r\u00f3wnie\u017c inne dodatkowe dni wolne od zaj\u0119\u0107 dydaktycznych. Np. Politechnika Krakowa ustali\u0142a 17 grudnia 2026, jako dzie\u0144 wolny, ze wzgl\u0119du na Wigili\u0119 Akademick\u0105, a 14 maja 2026, ze wzgl\u0119du na \u015awi\u0119to Szko\u0142y.<\/p>\n<p>Sprawd\u017a na stronie internetowej swojej uczelni, w jakie dni w roku akademickim 2025\/2026, mo\u017cesz liczy\u0107 na wolne od zaj\u0119\u0107 dydaktycznych.<\/p>\n<p>&nbsp;<\/p>\n<p>Zobacz te\u017c:<\/p>\n<blockquote><p><a href=\"https:\/\/informatorszkolny.com\/rady-dla-maturzystow-jak-dostac-sie-na-wymarzone-studia\/\">Rady dla maturzyst\u00f3w, jak dosta\u0107 si\u0119 na wymarzone studia<\/a><\/p>\n<p><a href=\"https:\/\/informatorszkolny.com\/jak-zdobyc-stypendium-na-studiach\/\">Te zawody s\u0105 najgorzej p\u0142atne w Polsce<\/a><\/p>\n<p><a href=\"https:\/\/informatorszkolny.com\/jak-robic-skuteczne-notatki-na-studiach\/\">Jak robi\u0107 skuteczne notatki na studiach?<\/a><\/p><\/blockquote>\n","protected":false},"excerpt":{"rendered":"<p>Ka\u017cdego studenta interesuje organizacja roku akademickiego, a w szczeg\u00f3lno\u015bci dni wolne od zaj\u0119\u0107. Oto szczeg\u00f3\u0142owa rozpiska na 2025\/2026 rok. [&#8230;]<\/p>\n<p><a class=\"btn btn-secondary understrap-read-more-link\" href=\"https:\/\/informatorszkolny.com\/en\/harmonogram-dni-wolnych-na-studiach-w-roku-akademickim-2025-2026\/\">Read More&#8230;<\/a><\/p>\n","protected":false},"author":2,"featured_media":10532,"comment_status":"closed","ping_status":"closed","sticky":false,"template":"","format":"standard","meta":{"_acf_changed":false,"inline_featured_image":false,"_glsr_average":0,"_glsr_ranking":0,"_glsr_reviews":0,"footnotes":""},"categories":[52],"tags":[],"class_list":["post-10531","post","type-post","status-publish","format-standard","has-post-thumbnail","hentry","category-aktualnosci"],"translation":{"provider":"WPGlobus","version":"3.0.2","language":"en","enabled_languages":["pl","en"],"languages":{"pl":{"title":true,"content":true,"excerpt":true},"en":{"title":false,"content":false,"excerpt":false}}},"acf":[],"yoast_head":"<!-- This site is optimized with the Yoast SEO Premium plugin v27.0 (Yoast SEO v27.0) - https:\/\/yoast.com\/product\/yoast-seo-premium-wordpress\/ -->\n<title>Dni wolne na studiach: Harmonogram 2025\/2026 - Informator Szkolny<\/title>\n<meta name=\"robots\" content=\"index, follow, max-snippet:-1, max-image-preview:large, max-video-preview:-1\" \/>\n<link rel=\"canonical\" href=\"https:\/\/informatorszkolny.com\/harmonogram-dni-wolnych-na-studiach-w-roku-akademickim-2025-2026\/\" \/>\n<meta property=\"og:locale\" content=\"en_US\" \/>\n<meta property=\"og:type\" content=\"article\" \/>\n<meta property=\"og:title\" content=\"Harmonogram dni wolnych na studiach w roku akademickim 2025\/2026 - Informator Szkolny\" \/>\n<meta property=\"og:url\" content=\"https:\/\/informatorszkolny.com\/harmonogram-dni-wolnych-na-studiach-w-roku-akademickim-2025-2026\/\" \/>\n<meta property=\"og:site_name\" content=\"Informator Szkolny\" \/>\n<meta property=\"article:publisher\" content=\"https:\/\/www.facebook.com\/Informator.Szkolny.uczelnie\" \/>\n<meta property=\"article:published_time\" content=\"2025-12-10T12:51:39+00:00\" \/>\n<meta property=\"article:modified_time\" content=\"2025-12-10T12:54:34+00:00\" \/>\n<meta property=\"og:image\" content=\"https:\/\/informatorszkolny.com\/wp-content\/uploads\/2025\/12\/pexels-vlada-karpovich-9969208-e1765371204177.jpg\" \/>\n\t<meta property=\"og:image:width\" content=\"640\" \/>\n\t<meta property=\"og:image:height\" content=\"486\" \/>\n\t<meta property=\"og:image:type\" content=\"image\/jpeg\" \/>\n<meta name=\"author\" content=\"Piotr\" \/>\n<meta name=\"twitter:card\" content=\"summary_large_image\" \/>\n<meta name=\"twitter:label1\" content=\"Written by\" \/>\n\t<meta name=\"twitter:data1\" content=\"Piotr\" \/>\n\t<meta name=\"twitter:label2\" content=\"Est. reading time\" \/>\n\t<meta name=\"twitter:data2\" content=\"3 minutes\" \/>\n<script type=\"application\/ld+json\" class=\"yoast-schema-graph\">{\"@context\":\"https:\/\/schema.org\",\"@graph\":[{\"@type\":\"Article\",\"@id\":\"https:\/\/informatorszkolny.com\/harmonogram-dni-wolnych-na-studiach-w-roku-akademickim-2025-2026\/#article\",\"isPartOf\":{\"@id\":\"https:\/\/informatorszkolny.com\/harmonogram-dni-wolnych-na-studiach-w-roku-akademickim-2025-2026\/\"},\"author\":{\"name\":\"Piotr\",\"@id\":\"https:\/\/informatorszkolny.com\/#\/schema\/person\/38d04291dfe45fded1d6b70769a2ae4f\"},\"headline\":\"Harmonogram dni wolnych na studiach w roku akademickim 2025\/2026\",\"datePublished\":\"2025-12-10T12:51:39+00:00\",\"dateModified\":\"2025-12-10T12:54:34+00:00\",\"mainEntityOfPage\":{\"@id\":\"https:\/\/informatorszkolny.com\/harmonogram-dni-wolnych-na-studiach-w-roku-akademickim-2025-2026\/\"},\"wordCount\":485,\"publisher\":{\"@id\":\"https:\/\/informatorszkolny.com\/#organization\"},\"image\":{\"@id\":\"https:\/\/informatorszkolny.com\/harmonogram-dni-wolnych-na-studiach-w-roku-akademickim-2025-2026\/#primaryimage\"},\"thumbnailUrl\":\"https:\/\/informatorszkolny.com\/wp-content\/uploads\/2025\/12\/pexels-vlada-karpovich-9969208-e1765371204177.jpg\",\"articleSection\":[\"Aktualno\u015bci z uczelni\"],\"inLanguage\":\"en-US\",\"copyrightYear\":\"2025\",\"copyrightHolder\":{\"@id\":\"https:\/\/informatorszkolny.com\/en\/#organization\"}},{\"@type\":\"WebPage\",\"@id\":\"https:\/\/informatorszkolny.com\/harmonogram-dni-wolnych-na-studiach-w-roku-akademickim-2025-2026\/\",\"url\":\"https:\/\/informatorszkolny.com\/harmonogram-dni-wolnych-na-studiach-w-roku-akademickim-2025-2026\/\",\"name\":\"Dni wolne na studiach: Harmonogram 2025\/2026 - Informator Szkolny\",\"isPartOf\":{\"@id\":\"https:\/\/informatorszkolny.com\/#website\"},\"primaryImageOfPage\":{\"@id\":\"https:\/\/informatorszkolny.com\/harmonogram-dni-wolnych-na-studiach-w-roku-akademickim-2025-2026\/#primaryimage\"},\"image\":{\"@id\":\"https:\/\/informatorszkolny.com\/harmonogram-dni-wolnych-na-studiach-w-roku-akademickim-2025-2026\/#primaryimage\"},\"thumbnailUrl\":\"https:\/\/informatorszkolny.com\/wp-content\/uploads\/2025\/12\/pexels-vlada-karpovich-9969208-e1765371204177.jpg\",\"datePublished\":\"2025-12-10T12:51:39+00:00\",\"dateModified\":\"2025-12-10T12:54:34+00:00\",\"description\":\"Dni wolne na studiach s\u0105 wa\u017cne. Zobacz szczeg\u00f3\u0142owy kalendarz akademicki dla 2025\/2026 i zaplanuj swoje zaj\u0119cia.\",\"breadcrumb\":{\"@id\":\"https:\/\/informatorszkolny.com\/harmonogram-dni-wolnych-na-studiach-w-roku-akademickim-2025-2026\/#breadcrumb\"},\"inLanguage\":\"en-US\",\"potentialAction\":[{\"@type\":\"ReadAction\",\"target\":[\"https:\/\/informatorszkolny.com\/harmonogram-dni-wolnych-na-studiach-w-roku-akademickim-2025-2026\/\"]}]},{\"@type\":\"ImageObject\",\"inLanguage\":\"en-US\",\"@id\":\"https:\/\/informatorszkolny.com\/harmonogram-dni-wolnych-na-studiach-w-roku-akademickim-2025-2026\/#primaryimage\",\"url\":\"https:\/\/informatorszkolny.com\/wp-content\/uploads\/2025\/12\/pexels-vlada-karpovich-9969208-e1765371204177.jpg\",\"contentUrl\":\"https:\/\/informatorszkolny.com\/wp-content\/uploads\/2025\/12\/pexels-vlada-karpovich-9969208-e1765371204177.jpg\",\"width\":640,\"height\":486},{\"@type\":\"BreadcrumbList\",\"@id\":\"https:\/\/informatorszkolny.com\/harmonogram-dni-wolnych-na-studiach-w-roku-akademickim-2025-2026\/#breadcrumb\",\"itemListElement\":[{\"@type\":\"ListItem\",\"position\":1,\"name\":\"Strona g\u0142\u00f3wna\",\"item\":\"https:\/\/informatorszkolny.com\/\"},{\"@type\":\"ListItem\",\"position\":2,\"name\":\"Harmonogram dni wolnych na studiach w roku akademickim 2025\/2026\"}]},{\"@type\":\"WebSite\",\"@id\":\"https:\/\/informatorszkolny.com\/#website\",\"url\":\"https:\/\/informatorszkolny.com\/\",\"name\":\"Informator Szkolny\",\"description\":\"Wyszukiwarka uczelni - Informator Szkolny\",\"publisher\":{\"@id\":\"https:\/\/informatorszkolny.com\/#organization\"},\"potentialAction\":[{\"@type\":\"SearchAction\",\"target\":{\"@type\":\"EntryPoint\",\"urlTemplate\":\"https:\/\/informatorszkolny.com\/?s={search_term_string}\"},\"query-input\":{\"@type\":\"PropertyValueSpecification\",\"valueRequired\":true,\"valueName\":\"search_term_string\"}}],\"inLanguage\":\"en-US\"},{\"@type\":[\"Organization\",\"Place\"],\"@id\":\"https:\/\/informatorszkolny.com\/#organization\",\"name\":\"Informator Szkolny\",\"url\":\"https:\/\/informatorszkolny.com\/\",\"logo\":{\"@id\":\"https:\/\/informatorszkolny.com\/harmonogram-dni-wolnych-na-studiach-w-roku-akademickim-2025-2026\/#local-main-organization-logo\"},\"image\":{\"@id\":\"https:\/\/informatorszkolny.com\/harmonogram-dni-wolnych-na-studiach-w-roku-akademickim-2025-2026\/#local-main-organization-logo\"},\"sameAs\":[\"https:\/\/www.facebook.com\/Informator.Szkolny.uczelnie\"],\"telephone\":[],\"openingHoursSpecification\":[{\"@type\":\"OpeningHoursSpecification\",\"dayOfWeek\":[\"Monday\",\"Tuesday\",\"Wednesday\",\"Thursday\",\"Friday\",\"Saturday\",\"Sunday\"],\"opens\":\"09:00\",\"closes\":\"17:00\"}]},{\"@type\":\"Person\",\"@id\":\"https:\/\/informatorszkolny.com\/#\/schema\/person\/38d04291dfe45fded1d6b70769a2ae4f\",\"name\":\"Piotr\",\"image\":{\"@type\":\"ImageObject\",\"inLanguage\":\"en-US\",\"@id\":\"https:\/\/informatorszkolny.com\/#\/schema\/person\/image\/\",\"url\":\"https:\/\/secure.gravatar.com\/avatar\/c292ca9fe58ed2f573453cce52c1f1db810be7813f35a109d6567c2a69fc78aa?s=96&d=mm&r=g\",\"contentUrl\":\"https:\/\/secure.gravatar.com\/avatar\/c292ca9fe58ed2f573453cce52c1f1db810be7813f35a109d6567c2a69fc78aa?s=96&d=mm&r=g\",\"caption\":\"Piotr\"},\"url\":\"https:\/\/informatorszkolny.com\/en\/author\/piotr\/\"},{\"@type\":\"ImageObject\",\"inLanguage\":\"en-US\",\"@id\":\"https:\/\/informatorszkolny.com\/harmonogram-dni-wolnych-na-studiach-w-roku-akademickim-2025-2026\/#local-main-organization-logo\",\"url\":\"https:\/\/informatorszkolny.com\/wp-content\/uploads\/2021\/07\/logo-without-hat.svg\",\"contentUrl\":\"https:\/\/informatorszkolny.com\/wp-content\/uploads\/2021\/07\/logo-without-hat.svg\",\"width\":190,\"height\":50,\"caption\":\"Informator Szkolny\"}]}<\/script>\n<!-- \/ Yoast SEO Premium plugin. -->","yoast_head_json":{"title":"Dni wolne na studiach: Harmonogram 2025\/2026 - Informator Szkolny","robots":{"index":"index","follow":"follow","max-snippet":"max-snippet:-1","max-image-preview":"max-image-preview:large","max-video-preview":"max-video-preview:-1"},"canonical":"https:\/\/informatorszkolny.com\/harmonogram-dni-wolnych-na-studiach-w-roku-akademickim-2025-2026\/","og_locale":"en_US","og_type":"article","og_title":"Harmonogram dni wolnych na studiach w roku akademickim 2025\/2026 - Informator Szkolny","og_url":"https:\/\/informatorszkolny.com\/harmonogram-dni-wolnych-na-studiach-w-roku-akademickim-2025-2026\/","og_site_name":"Informator Szkolny","article_publisher":"https:\/\/www.facebook.com\/Informator.Szkolny.uczelnie","article_published_time":"2025-12-10T12:51:39+00:00","article_modified_time":"2025-12-10T12:54:34+00:00","og_image":[{"width":640,"height":486,"url":"https:\/\/informatorszkolny.com\/wp-content\/uploads\/2025\/12\/pexels-vlada-karpovich-9969208-e1765371204177.jpg","type":"image\/jpeg"}],"author":"Piotr","twitter_card":"summary_large_image","twitter_misc":{"Written by":"Piotr","Est. reading time":"3 minutes"},"schema":{"@context":"https:\/\/schema.org","@graph":[{"@type":"Article","@id":"https:\/\/informatorszkolny.com\/harmonogram-dni-wolnych-na-studiach-w-roku-akademickim-2025-2026\/#article","isPartOf":{"@id":"https:\/\/informatorszkolny.com\/harmonogram-dni-wolnych-na-studiach-w-roku-akademickim-2025-2026\/"},"author":{"name":"Piotr","@id":"https:\/\/informatorszkolny.com\/#\/schema\/person\/38d04291dfe45fded1d6b70769a2ae4f"},"headline":"Harmonogram dni wolnych na studiach w roku akademickim 2025\/2026","datePublished":"2025-12-10T12:51:39+00:00","dateModified":"2025-12-10T12:54:34+00:00","mainEntityOfPage":{"@id":"https:\/\/informatorszkolny.com\/harmonogram-dni-wolnych-na-studiach-w-roku-akademickim-2025-2026\/"},"wordCount":485,"publisher":{"@id":"https:\/\/informatorszkolny.com\/#organization"},"image":{"@id":"https:\/\/informatorszkolny.com\/harmonogram-dni-wolnych-na-studiach-w-roku-akademickim-2025-2026\/#primaryimage"},"thumbnailUrl":"https:\/\/informatorszkolny.com\/wp-content\/uploads\/2025\/12\/pexels-vlada-karpovich-9969208-e1765371204177.jpg","articleSection":["Aktualno\u015bci z uczelni"],"inLanguage":"en-US","copyrightYear":"2025","copyrightHolder":{"@id":"https:\/\/informatorszkolny.com\/en\/#organization"}},{"@type":"WebPage","@id":"https:\/\/informatorszkolny.com\/harmonogram-dni-wolnych-na-studiach-w-roku-akademickim-2025-2026\/","url":"https:\/\/informatorszkolny.com\/harmonogram-dni-wolnych-na-studiach-w-roku-akademickim-2025-2026\/","name":"Dni wolne na studiach: Harmonogram 2025\/2026 - Informator Szkolny","isPartOf":{"@id":"https:\/\/informatorszkolny.com\/#website"},"primaryImageOfPage":{"@id":"https:\/\/informatorszkolny.com\/harmonogram-dni-wolnych-na-studiach-w-roku-akademickim-2025-2026\/#primaryimage"},"image":{"@id":"https:\/\/informatorszkolny.com\/harmonogram-dni-wolnych-na-studiach-w-roku-akademickim-2025-2026\/#primaryimage"},"thumbnailUrl":"https:\/\/informatorszkolny.com\/wp-content\/uploads\/2025\/12\/pexels-vlada-karpovich-9969208-e1765371204177.jpg","datePublished":"2025-12-10T12:51:39+00:00","dateModified":"2025-12-10T12:54:34+00:00","description":"Dni wolne na studiach s\u0105 wa\u017cne. Zobacz szczeg\u00f3\u0142owy kalendarz akademicki dla 2025\/2026 i zaplanuj swoje zaj\u0119cia.","breadcrumb":{"@id":"https:\/\/informatorszkolny.com\/harmonogram-dni-wolnych-na-studiach-w-roku-akademickim-2025-2026\/#breadcrumb"},"inLanguage":"en-US","potentialAction":[{"@type":"ReadAction","target":["https:\/\/informatorszkolny.com\/harmonogram-dni-wolnych-na-studiach-w-roku-akademickim-2025-2026\/"]}]},{"@type":"ImageObject","inLanguage":"en-US","@id":"https:\/\/informatorszkolny.com\/harmonogram-dni-wolnych-na-studiach-w-roku-akademickim-2025-2026\/#primaryimage","url":"https:\/\/informatorszkolny.com\/wp-content\/uploads\/2025\/12\/pexels-vlada-karpovich-9969208-e1765371204177.jpg","contentUrl":"https:\/\/informatorszkolny.com\/wp-content\/uploads\/2025\/12\/pexels-vlada-karpovich-9969208-e1765371204177.jpg","width":640,"height":486},{"@type":"BreadcrumbList","@id":"https:\/\/informatorszkolny.com\/harmonogram-dni-wolnych-na-studiach-w-roku-akademickim-2025-2026\/#breadcrumb","itemListElement":[{"@type":"ListItem","position":1,"name":"Strona g\u0142\u00f3wna","item":"https:\/\/informatorszkolny.com\/"},{"@type":"ListItem","position":2,"name":"Harmonogram dni wolnych na studiach w roku akademickim 2025\/2026"}]},{"@type":"WebSite","@id":"https:\/\/informatorszkolny.com\/#website","url":"https:\/\/informatorszkolny.com\/","name":"Informator Szkolny","description":"Wyszukiwarka uczelni - Informator Szkolny","publisher":{"@id":"https:\/\/informatorszkolny.com\/#organization"},"potentialAction":[{"@type":"SearchAction","target":{"@type":"EntryPoint","urlTemplate":"https:\/\/informatorszkolny.com\/?s={search_term_string}"},"query-input":{"@type":"PropertyValueSpecification","valueRequired":true,"valueName":"search_term_string"}}],"inLanguage":"en-US"},{"@type":["Organization","Place"],"@id":"https:\/\/informatorszkolny.com\/#organization","name":"Informator Szkolny","url":"https:\/\/informatorszkolny.com\/","logo":{"@id":"https:\/\/informatorszkolny.com\/harmonogram-dni-wolnych-na-studiach-w-roku-akademickim-2025-2026\/#local-main-organization-logo"},"image":{"@id":"https:\/\/informatorszkolny.com\/harmonogram-dni-wolnych-na-studiach-w-roku-akademickim-2025-2026\/#local-main-organization-logo"},"sameAs":["https:\/\/www.facebook.com\/Informator.Szkolny.uczelnie"],"telephone":[],"openingHoursSpecification":[{"@type":"OpeningHoursSpecification","dayOfWeek":["Monday","Tuesday","Wednesday","Thursday","Friday","Saturday","Sunday"],"opens":"09:00","closes":"17:00"}]},{"@type":"Person","@id":"https:\/\/informatorszkolny.com\/#\/schema\/person\/38d04291dfe45fded1d6b70769a2ae4f","name":"Piotr","image":{"@type":"ImageObject","inLanguage":"en-US","@id":"https:\/\/informatorszkolny.com\/#\/schema\/person\/image\/","url":"https:\/\/secure.gravatar.com\/avatar\/c292ca9fe58ed2f573453cce52c1f1db810be7813f35a109d6567c2a69fc78aa?s=96&d=mm&r=g","contentUrl":"https:\/\/secure.gravatar.com\/avatar\/c292ca9fe58ed2f573453cce52c1f1db810be7813f35a109d6567c2a69fc78aa?s=96&d=mm&r=g","caption":"Piotr"},"url":"https:\/\/informatorszkolny.com\/en\/author\/piotr\/"},{"@type":"ImageObject","inLanguage":"en-US","@id":"https:\/\/informatorszkolny.com\/harmonogram-dni-wolnych-na-studiach-w-roku-akademickim-2025-2026\/#local-main-organization-logo","url":"https:\/\/informatorszkolny.com\/wp-content\/uploads\/2021\/07\/logo-without-hat.svg","contentUrl":"https:\/\/informatorszkolny.com\/wp-content\/uploads\/2021\/07\/logo-without-hat.svg","width":190,"height":50,"caption":"Informator Szkolny"}]}},"_links":{"self":[{"href":"https:\/\/informatorszkolny.com\/en\/wp-json\/wp\/v2\/posts\/10531","targetHints":{"allow":["GET"]}}],"collection":[{"href":"https:\/\/informatorszkolny.com\/en\/wp-json\/wp\/v2\/posts"}],"about":[{"href":"https:\/\/informatorszkolny.com\/en\/wp-json\/wp\/v2\/types\/post"}],"author":[{"embeddable":true,"href":"https:\/\/informatorszkolny.com\/en\/wp-json\/wp\/v2\/users\/2"}],"replies":[{"embeddable":true,"href":"https:\/\/informatorszkolny.com\/en\/wp-json\/wp\/v2\/comments?post=10531"}],"version-history":[{"count":1,"href":"https:\/\/informatorszkolny.com\/en\/wp-json\/wp\/v2\/posts\/10531\/revisions"}],"predecessor-version":[{"id":10533,"href":"https:\/\/informatorszkolny.com\/en\/wp-json\/wp\/v2\/posts\/10531\/revisions\/10533"}],"wp:featuredmedia":[{"embeddable":true,"href":"https:\/\/informatorszkolny.com\/en\/wp-json\/wp\/v2\/media\/10532"}],"wp:attachment":[{"href":"https:\/\/informatorszkolny.com\/en\/wp-json\/wp\/v2\/media?parent=10531"}],"wp:term":[{"taxonomy":"category","embeddable":true,"href":"https:\/\/informatorszkolny.com\/en\/wp-json\/wp\/v2\/categories?post=10531"},{"taxonomy":"post_tag","embeddable":true,"href":"https:\/\/informatorszkolny.com\/en\/wp-json\/wp\/v2\/tags?post=10531"}],"curies":[{"name":"wp","href":"https:\/\/api.w.org\/{rel}","templated":true}]}}