{"id":9894,"date":"2024-10-29T13:07:59","date_gmt":"2024-10-29T12:07:59","guid":{"rendered":"https:\/\/informatorszkolny.com\/?p=9894"},"modified":"2024-10-29T13:21:57","modified_gmt":"2024-10-29T12:21:57","slug":"ii-jesienne-sympozjum-kosmetologii-w-kampusie-nr-2-wsiiz","status":"publish","type":"post","link":"https:\/\/informatorszkolny.com\/en\/ii-jesienne-sympozjum-kosmetologii-w-kampusie-nr-2-wsiiz\/","title":{"rendered":"II Jesienne Sympozjum Kosmetologii w Kampusie nr 2 WSIiZ"},"content":{"rendered":"<p><strong>W imieniu Rektora Uczelni \u2013 dr n. chem. Sebastiana Grzyba,<\/strong> a tak\u017ce <strong>Koordynatora kierunku Kosmetologia [studia I i II stopnia] \u2013 mgr Patrycji Marciniak<\/strong>, chcieliby\u015bmy Pa\u0144stwa serdecznie zaprosi\u0107 do udzia\u0142u <strong>w II Jesiennym Sympozjum Kosmetologii, kt\u00f3re odb\u0119dzie si\u0119 w dniu 20 listopada 2024 r. w Kampusie nr 2 WSIiZ, mieszcz\u0105cym si\u0119 przy Al. Jerozolimskich 195a [02-222 Warszawa].<\/strong><\/p>\n<p>Organizatorem wydarzenia jest <a href=\"https:\/\/informatorszkolny.com\/uczelnia\/wyzsza-szkola-inzynierii-i-zdrowia-w-warszawie\/\">Wy\u017csza Szko\u0142a In\u017cynierii i Zdrowia w Warszawie<\/a>, kt\u00f3ra od 2010 r. jest niekwestowanym liderem i najwi\u0119kszym o\u015brodkiem akademickim kszta\u0142c\u0105cym przysz\u0142ych kosmetolog\u00f3w w naszym kraju. Jako\u015b\u0107 \u015bwiadczonych us\u0142ug edukacyjnych zosta\u0142a potwierdzona w roku akademickim 2022\/2023, na mocy uchwa\u0142y nr 89\/2023 Prezydium Polskiej Komisji Akredytacyjnej z dnia 23 lutego 2023 r. w sprawie pozytywnej oceny programowej kierunku kosmetologia prowadzonego w Uczelni w ramach studi\u00f3w I i II stopnia.<\/p>\n<p>Sympozjum obejmie tematycznie szeroko pojmowany obszar zabieg\u00f3w dedykowanych dla sk\u00f3r problematycznych, a samo wydarzenie zostanie podzielone na dwa bloki tj. .<strong>Blok pierwszy \u2013 Ekspercki<\/strong>, podczas, kt\u00f3rego wyk\u0142ady poprowadz\u0105 zaproszeni eksperci w bran\u017cy health&amp;beauty. <strong>Blok drugi, to studenckie sesje posterowe<\/strong>, przygotowane przez student\u00f3w kierunku kosmetologia. Uczelnia maj\u0105c na celu integracj\u0119 \u015brodowiska akademickiego ze \u015bwiatem biznesu zaprosi\u0142a do czynnego udzia\u0142u, nie tylko aktywnych zawodowo przedstawicieli bran\u017cy health&amp;beauty, ale r\u00f3wnie\u017c samych student\u00f3w i s\u0142uchaczy studi\u00f3w podyplomowych. To w\u0142a\u015bnie studenci i s\u0142uchacze studi\u00f3w podyplomowych b\u0119d\u0105 mogli zaprezentowa\u0107 swoj\u0105 wiedz\u0119 w ramach specjalnie dla nich dedykowanej sesji posterowej, kt\u00f3rej laureaci zostan\u0105 og\u0142oszeni ju\u017c w czasie trwaj\u0105cego Sympozjum.<\/p>\n<p>W zwi\u0105zku z podj\u0119t\u0105 tematyk\u0105 mamy pewno\u015b\u0107, \u017ce <strong>Sympozjum, podobnie jak w ubieg\u0142ym roku, zgromadzi przedstawicieli r\u00f3\u017cnych zawod\u00f3w, kt\u00f3rzy na co dzie\u0144 dzia\u0142aj\u0105 w obszarze szeroko poj\u0119tej bran\u017cy health &amp; beauty.<\/strong> Mamy tym samym nadziej\u0119, \u017ce dzi\u0119ki zaanga\u017cowaniu spo\u0142eczno\u015bci akademickiej <a href=\"https:\/\/wsiiz.pl\/\">Wy\u017cszej Szko\u0142y In\u017cynierii i Zdrowia w Warszawie<\/a>, b\u0119dzie to kolejny sukces w zakresie wydarze\u0144 pozwalaj\u0105cych na merytoryczn\u0105 i interdyscyplinarn\u0105 dyskusj\u0119 oraz wymian\u0119 pogl\u0105d\u00f3w dotycz\u0105cych znaczenia zawodu kosmetologa, a przede wszystkim odnosz\u0105ce si\u0119 do jego kompetencji zawodowych. D\u0105\u017ceniem organizatora jest <strong>spotkanie czo\u0142owych specjalist\u00f3w, w tym reprezentant\u00f3w instytucji i o\u015brodk\u00f3w specjalistycznych szeroko poj\u0119tej bran\u017c\u0119 beauty tj. kosmetolog\u00f3w i przedstawicieli zawod\u00f3w medycznych, a tak\u017ce producent\u00f3w i dystrybutor\u00f3w preparat\u00f3w\/ narz\u0119dzi\/ aparatury niezb\u0119dnych w codziennej pracy kosmetologa.<\/strong><\/p>\n<p>Mamy r\u00f3wnie\u017c g\u0142\u0119bok\u0105 nadziej\u0119, \u017ce zgromadzenie w jednym miejscu spo\u0142eczno\u015bci akademickiej reprezentuj\u0105cej uczelnie wy\u017csze kszta\u0142c\u0105ce na kierunku kosmetologii oraz przedstawicieli bran\u017cy health&amp;beauty pozwoli Nam wsp\u00f3lnie stworzy\u0107 przestrze\u0144 wymiany wiedzy, do\u015bwiadcze\u0144 i innowacyjnych rozwi\u0105za\u0144.<\/p>\n","protected":false},"excerpt":{"rendered":"<p>W imieniu Rektora Uczelni \u2013 dr n. chem. Sebastiana Grzyba, a tak\u017ce Koordynatora kierunku Kosmetologia [studia I i II stopnia] \u2013 mgr Patrycji Marciniak, chcieliby\u015bmy Pa\u0144stwa serdecznie zaprosi\u0107 do udzia\u0142u w II Jesiennym Sympozjum Kosmetologii, kt\u00f3re odb\u0119dzie si\u0119 w dniu 20 listopada 2024 r. w Kampusie nr 2 WSIiZ, mieszcz\u0105cym si\u0119 przy Al. Jerozolimskich 195a [&#8230;]<\/p>\n<p><a class=\"btn btn-secondary understrap-read-more-link\" href=\"https:\/\/informatorszkolny.com\/en\/ii-jesienne-sympozjum-kosmetologii-w-kampusie-nr-2-wsiiz\/\">Read More&#8230;<\/a><\/p>\n","protected":false},"author":2,"featured_media":9890,"comment_status":"closed","ping_status":"closed","sticky":false,"template":"","format":"standard","meta":{"_acf_changed":false,"inline_featured_image":false,"_glsr_average":0,"_glsr_ranking":0,"_glsr_reviews":0,"footnotes":""},"categories":[52,2862],"tags":[],"class_list":["post-9894","post","type-post","status-publish","format-standard","has-post-thumbnail","hentry","category-aktualnosci","category-wsiiz-z-uczelni"],"translation":{"provider":"WPGlobus","version":"3.0.2","language":"en","enabled_languages":["pl","en"],"languages":{"pl":{"title":true,"content":true,"excerpt":false},"en":{"title":false,"content":false,"excerpt":false}}},"acf":[],"yoast_head":"<!-- This site is optimized with the Yoast SEO Premium plugin v27.0 (Yoast SEO v27.0) - https:\/\/yoast.com\/product\/yoast-seo-premium-wordpress\/ -->\n<title>II Jesienne Sympozjum Kosmetologii w Kampusie nr 2 WSIiZ - Informator Szkolny<\/title>\n<meta name=\"robots\" content=\"index, follow, max-snippet:-1, max-image-preview:large, max-video-preview:-1\" \/>\n<link rel=\"canonical\" href=\"https:\/\/informatorszkolny.com\/ii-jesienne-sympozjum-kosmetologii-w-kampusie-nr-2-wsiiz\/\" \/>\n<meta property=\"og:locale\" content=\"en_US\" \/>\n<meta property=\"og:type\" content=\"article\" \/>\n<meta property=\"og:title\" content=\"II Jesienne Sympozjum Kosmetologii w Kampusie nr 2 WSIiZ - Informator Szkolny\" \/>\n<meta property=\"og:url\" content=\"https:\/\/informatorszkolny.com\/ii-jesienne-sympozjum-kosmetologii-w-kampusie-nr-2-wsiiz\/\" \/>\n<meta property=\"og:site_name\" content=\"Informator Szkolny\" \/>\n<meta property=\"article:publisher\" content=\"https:\/\/www.facebook.com\/Informator.Szkolny.uczelnie\" \/>\n<meta property=\"article:published_time\" content=\"2024-10-29T12:07:59+00:00\" \/>\n<meta property=\"article:modified_time\" content=\"2024-10-29T12:21:57+00:00\" \/>\n<meta property=\"og:image\" content=\"https:\/\/informatorszkolny.com\/wp-content\/uploads\/2024\/10\/tlo-na-wyd2.png\" \/>\n\t<meta property=\"og:image:width\" content=\"1200\" \/>\n\t<meta property=\"og:image:height\" content=\"628\" \/>\n\t<meta property=\"og:image:type\" content=\"image\/png\" \/>\n<meta name=\"author\" content=\"Piotr\" \/>\n<meta name=\"twitter:card\" content=\"summary_large_image\" \/>\n<meta name=\"twitter:label1\" content=\"Written by\" \/>\n\t<meta name=\"twitter:data1\" content=\"Piotr\" \/>\n\t<meta name=\"twitter:label2\" content=\"Est. reading time\" \/>\n\t<meta name=\"twitter:data2\" content=\"3 minutes\" \/>\n<script type=\"application\/ld+json\" class=\"yoast-schema-graph\">{\"@context\":\"https:\/\/schema.org\",\"@graph\":[{\"@type\":\"Article\",\"@id\":\"https:\/\/informatorszkolny.com\/ii-jesienne-sympozjum-kosmetologii-w-kampusie-nr-2-wsiiz\/#article\",\"isPartOf\":{\"@id\":\"https:\/\/informatorszkolny.com\/ii-jesienne-sympozjum-kosmetologii-w-kampusie-nr-2-wsiiz\/\"},\"author\":{\"name\":\"Piotr\",\"@id\":\"https:\/\/informatorszkolny.com\/#\/schema\/person\/38d04291dfe45fded1d6b70769a2ae4f\"},\"headline\":\"II Jesienne Sympozjum Kosmetologii w Kampusie nr 2 WSIiZ\",\"datePublished\":\"2024-10-29T12:07:59+00:00\",\"dateModified\":\"2024-10-29T12:21:57+00:00\",\"mainEntityOfPage\":{\"@id\":\"https:\/\/informatorszkolny.com\/ii-jesienne-sympozjum-kosmetologii-w-kampusie-nr-2-wsiiz\/\"},\"wordCount\":468,\"publisher\":{\"@id\":\"https:\/\/informatorszkolny.com\/#organization\"},\"image\":{\"@id\":\"https:\/\/informatorszkolny.com\/ii-jesienne-sympozjum-kosmetologii-w-kampusie-nr-2-wsiiz\/#primaryimage\"},\"thumbnailUrl\":\"https:\/\/informatorszkolny.com\/wp-content\/uploads\/2024\/10\/tlo-na-wyd2.png\",\"articleSection\":[\"Aktualno\u015bci z uczelni\",\"wsiiz\"],\"inLanguage\":\"en-US\",\"copyrightYear\":\"2024\",\"copyrightHolder\":{\"@id\":\"https:\/\/informatorszkolny.com\/en\/#organization\"}},{\"@type\":\"WebPage\",\"@id\":\"https:\/\/informatorszkolny.com\/ii-jesienne-sympozjum-kosmetologii-w-kampusie-nr-2-wsiiz\/\",\"url\":\"https:\/\/informatorszkolny.com\/ii-jesienne-sympozjum-kosmetologii-w-kampusie-nr-2-wsiiz\/\",\"name\":\"II Jesienne Sympozjum Kosmetologii w Kampusie nr 2 WSIiZ - Informator Szkolny\",\"isPartOf\":{\"@id\":\"https:\/\/informatorszkolny.com\/#website\"},\"primaryImageOfPage\":{\"@id\":\"https:\/\/informatorszkolny.com\/ii-jesienne-sympozjum-kosmetologii-w-kampusie-nr-2-wsiiz\/#primaryimage\"},\"image\":{\"@id\":\"https:\/\/informatorszkolny.com\/ii-jesienne-sympozjum-kosmetologii-w-kampusie-nr-2-wsiiz\/#primaryimage\"},\"thumbnailUrl\":\"https:\/\/informatorszkolny.com\/wp-content\/uploads\/2024\/10\/tlo-na-wyd2.png\",\"datePublished\":\"2024-10-29T12:07:59+00:00\",\"dateModified\":\"2024-10-29T12:21:57+00:00\",\"description\":\"II Jesienne sympozjum kosmetologii - wszystko, co warto wiedzie\u0107 o piel\u0119gnacji w sezonie. Do\u0142\u0105cz do nas, by pozna\u0107 tajniki zdrowej sk\u00f3ry jesieni\u0105!\",\"breadcrumb\":{\"@id\":\"https:\/\/informatorszkolny.com\/ii-jesienne-sympozjum-kosmetologii-w-kampusie-nr-2-wsiiz\/#breadcrumb\"},\"inLanguage\":\"en-US\",\"potentialAction\":[{\"@type\":\"ReadAction\",\"target\":[\"https:\/\/informatorszkolny.com\/ii-jesienne-sympozjum-kosmetologii-w-kampusie-nr-2-wsiiz\/\"]}]},{\"@type\":\"ImageObject\",\"inLanguage\":\"en-US\",\"@id\":\"https:\/\/informatorszkolny.com\/ii-jesienne-sympozjum-kosmetologii-w-kampusie-nr-2-wsiiz\/#primaryimage\",\"url\":\"https:\/\/informatorszkolny.com\/wp-content\/uploads\/2024\/10\/tlo-na-wyd2.png\",\"contentUrl\":\"https:\/\/informatorszkolny.com\/wp-content\/uploads\/2024\/10\/tlo-na-wyd2.png\",\"width\":1200,\"height\":628},{\"@type\":\"BreadcrumbList\",\"@id\":\"https:\/\/informatorszkolny.com\/ii-jesienne-sympozjum-kosmetologii-w-kampusie-nr-2-wsiiz\/#breadcrumb\",\"itemListElement\":[{\"@type\":\"ListItem\",\"position\":1,\"name\":\"Strona g\u0142\u00f3wna\",\"item\":\"https:\/\/informatorszkolny.com\/\"},{\"@type\":\"ListItem\",\"position\":2,\"name\":\"II Jesienne Sympozjum Kosmetologii w Kampusie nr 2 WSIiZ\"}]},{\"@type\":\"WebSite\",\"@id\":\"https:\/\/informatorszkolny.com\/#website\",\"url\":\"https:\/\/informatorszkolny.com\/\",\"name\":\"Informator Szkolny\",\"description\":\"Wyszukiwarka uczelni - Informator Szkolny\",\"publisher\":{\"@id\":\"https:\/\/informatorszkolny.com\/#organization\"},\"potentialAction\":[{\"@type\":\"SearchAction\",\"target\":{\"@type\":\"EntryPoint\",\"urlTemplate\":\"https:\/\/informatorszkolny.com\/?s={search_term_string}\"},\"query-input\":{\"@type\":\"PropertyValueSpecification\",\"valueRequired\":true,\"valueName\":\"search_term_string\"}}],\"inLanguage\":\"en-US\"},{\"@type\":[\"Organization\",\"Place\"],\"@id\":\"https:\/\/informatorszkolny.com\/#organization\",\"name\":\"Informator Szkolny\",\"url\":\"https:\/\/informatorszkolny.com\/\",\"logo\":{\"@id\":\"https:\/\/informatorszkolny.com\/ii-jesienne-sympozjum-kosmetologii-w-kampusie-nr-2-wsiiz\/#local-main-organization-logo\"},\"image\":{\"@id\":\"https:\/\/informatorszkolny.com\/ii-jesienne-sympozjum-kosmetologii-w-kampusie-nr-2-wsiiz\/#local-main-organization-logo\"},\"sameAs\":[\"https:\/\/www.facebook.com\/Informator.Szkolny.uczelnie\"],\"telephone\":[],\"openingHoursSpecification\":[{\"@type\":\"OpeningHoursSpecification\",\"dayOfWeek\":[\"Monday\",\"Tuesday\",\"Wednesday\",\"Thursday\",\"Friday\",\"Saturday\",\"Sunday\"],\"opens\":\"09:00\",\"closes\":\"17:00\"}]},{\"@type\":\"Person\",\"@id\":\"https:\/\/informatorszkolny.com\/#\/schema\/person\/38d04291dfe45fded1d6b70769a2ae4f\",\"name\":\"Piotr\",\"image\":{\"@type\":\"ImageObject\",\"inLanguage\":\"en-US\",\"@id\":\"https:\/\/informatorszkolny.com\/#\/schema\/person\/image\/\",\"url\":\"https:\/\/secure.gravatar.com\/avatar\/c292ca9fe58ed2f573453cce52c1f1db810be7813f35a109d6567c2a69fc78aa?s=96&d=mm&r=g\",\"contentUrl\":\"https:\/\/secure.gravatar.com\/avatar\/c292ca9fe58ed2f573453cce52c1f1db810be7813f35a109d6567c2a69fc78aa?s=96&d=mm&r=g\",\"caption\":\"Piotr\"},\"url\":\"https:\/\/informatorszkolny.com\/en\/author\/piotr\/\"},{\"@type\":\"ImageObject\",\"inLanguage\":\"en-US\",\"@id\":\"https:\/\/informatorszkolny.com\/ii-jesienne-sympozjum-kosmetologii-w-kampusie-nr-2-wsiiz\/#local-main-organization-logo\",\"url\":\"https:\/\/informatorszkolny.com\/wp-content\/uploads\/2021\/07\/logo-without-hat.svg\",\"contentUrl\":\"https:\/\/informatorszkolny.com\/wp-content\/uploads\/2021\/07\/logo-without-hat.svg\",\"width\":190,\"height\":50,\"caption\":\"Informator Szkolny\"}]}<\/script>\n<!-- \/ Yoast SEO Premium plugin. -->","yoast_head_json":{"title":"II Jesienne Sympozjum Kosmetologii w Kampusie nr 2 WSIiZ - Informator Szkolny","robots":{"index":"index","follow":"follow","max-snippet":"max-snippet:-1","max-image-preview":"max-image-preview:large","max-video-preview":"max-video-preview:-1"},"canonical":"https:\/\/informatorszkolny.com\/ii-jesienne-sympozjum-kosmetologii-w-kampusie-nr-2-wsiiz\/","og_locale":"en_US","og_type":"article","og_title":"II Jesienne Sympozjum Kosmetologii w Kampusie nr 2 WSIiZ - Informator Szkolny","og_url":"https:\/\/informatorszkolny.com\/ii-jesienne-sympozjum-kosmetologii-w-kampusie-nr-2-wsiiz\/","og_site_name":"Informator Szkolny","article_publisher":"https:\/\/www.facebook.com\/Informator.Szkolny.uczelnie","article_published_time":"2024-10-29T12:07:59+00:00","article_modified_time":"2024-10-29T12:21:57+00:00","og_image":[{"width":1200,"height":628,"url":"https:\/\/informatorszkolny.com\/wp-content\/uploads\/2024\/10\/tlo-na-wyd2.png","type":"image\/png"}],"author":"Piotr","twitter_card":"summary_large_image","twitter_misc":{"Written by":"Piotr","Est. reading time":"3 minutes"},"schema":{"@context":"https:\/\/schema.org","@graph":[{"@type":"Article","@id":"https:\/\/informatorszkolny.com\/ii-jesienne-sympozjum-kosmetologii-w-kampusie-nr-2-wsiiz\/#article","isPartOf":{"@id":"https:\/\/informatorszkolny.com\/ii-jesienne-sympozjum-kosmetologii-w-kampusie-nr-2-wsiiz\/"},"author":{"name":"Piotr","@id":"https:\/\/informatorszkolny.com\/#\/schema\/person\/38d04291dfe45fded1d6b70769a2ae4f"},"headline":"II Jesienne Sympozjum Kosmetologii w Kampusie nr 2 WSIiZ","datePublished":"2024-10-29T12:07:59+00:00","dateModified":"2024-10-29T12:21:57+00:00","mainEntityOfPage":{"@id":"https:\/\/informatorszkolny.com\/ii-jesienne-sympozjum-kosmetologii-w-kampusie-nr-2-wsiiz\/"},"wordCount":468,"publisher":{"@id":"https:\/\/informatorszkolny.com\/#organization"},"image":{"@id":"https:\/\/informatorszkolny.com\/ii-jesienne-sympozjum-kosmetologii-w-kampusie-nr-2-wsiiz\/#primaryimage"},"thumbnailUrl":"https:\/\/informatorszkolny.com\/wp-content\/uploads\/2024\/10\/tlo-na-wyd2.png","articleSection":["Aktualno\u015bci z uczelni","wsiiz"],"inLanguage":"en-US","copyrightYear":"2024","copyrightHolder":{"@id":"https:\/\/informatorszkolny.com\/en\/#organization"}},{"@type":"WebPage","@id":"https:\/\/informatorszkolny.com\/ii-jesienne-sympozjum-kosmetologii-w-kampusie-nr-2-wsiiz\/","url":"https:\/\/informatorszkolny.com\/ii-jesienne-sympozjum-kosmetologii-w-kampusie-nr-2-wsiiz\/","name":"II Jesienne Sympozjum Kosmetologii w Kampusie nr 2 WSIiZ - Informator Szkolny","isPartOf":{"@id":"https:\/\/informatorszkolny.com\/#website"},"primaryImageOfPage":{"@id":"https:\/\/informatorszkolny.com\/ii-jesienne-sympozjum-kosmetologii-w-kampusie-nr-2-wsiiz\/#primaryimage"},"image":{"@id":"https:\/\/informatorszkolny.com\/ii-jesienne-sympozjum-kosmetologii-w-kampusie-nr-2-wsiiz\/#primaryimage"},"thumbnailUrl":"https:\/\/informatorszkolny.com\/wp-content\/uploads\/2024\/10\/tlo-na-wyd2.png","datePublished":"2024-10-29T12:07:59+00:00","dateModified":"2024-10-29T12:21:57+00:00","description":"II Jesienne sympozjum kosmetologii - wszystko, co warto wiedzie\u0107 o piel\u0119gnacji w sezonie. Do\u0142\u0105cz do nas, by pozna\u0107 tajniki zdrowej sk\u00f3ry jesieni\u0105!","breadcrumb":{"@id":"https:\/\/informatorszkolny.com\/ii-jesienne-sympozjum-kosmetologii-w-kampusie-nr-2-wsiiz\/#breadcrumb"},"inLanguage":"en-US","potentialAction":[{"@type":"ReadAction","target":["https:\/\/informatorszkolny.com\/ii-jesienne-sympozjum-kosmetologii-w-kampusie-nr-2-wsiiz\/"]}]},{"@type":"ImageObject","inLanguage":"en-US","@id":"https:\/\/informatorszkolny.com\/ii-jesienne-sympozjum-kosmetologii-w-kampusie-nr-2-wsiiz\/#primaryimage","url":"https:\/\/informatorszkolny.com\/wp-content\/uploads\/2024\/10\/tlo-na-wyd2.png","contentUrl":"https:\/\/informatorszkolny.com\/wp-content\/uploads\/2024\/10\/tlo-na-wyd2.png","width":1200,"height":628},{"@type":"BreadcrumbList","@id":"https:\/\/informatorszkolny.com\/ii-jesienne-sympozjum-kosmetologii-w-kampusie-nr-2-wsiiz\/#breadcrumb","itemListElement":[{"@type":"ListItem","position":1,"name":"Strona g\u0142\u00f3wna","item":"https:\/\/informatorszkolny.com\/"},{"@type":"ListItem","position":2,"name":"II Jesienne Sympozjum Kosmetologii w Kampusie nr 2 WSIiZ"}]},{"@type":"WebSite","@id":"https:\/\/informatorszkolny.com\/#website","url":"https:\/\/informatorszkolny.com\/","name":"Informator Szkolny","description":"Wyszukiwarka uczelni - Informator Szkolny","publisher":{"@id":"https:\/\/informatorszkolny.com\/#organization"},"potentialAction":[{"@type":"SearchAction","target":{"@type":"EntryPoint","urlTemplate":"https:\/\/informatorszkolny.com\/?s={search_term_string}"},"query-input":{"@type":"PropertyValueSpecification","valueRequired":true,"valueName":"search_term_string"}}],"inLanguage":"en-US"},{"@type":["Organization","Place"],"@id":"https:\/\/informatorszkolny.com\/#organization","name":"Informator Szkolny","url":"https:\/\/informatorszkolny.com\/","logo":{"@id":"https:\/\/informatorszkolny.com\/ii-jesienne-sympozjum-kosmetologii-w-kampusie-nr-2-wsiiz\/#local-main-organization-logo"},"image":{"@id":"https:\/\/informatorszkolny.com\/ii-jesienne-sympozjum-kosmetologii-w-kampusie-nr-2-wsiiz\/#local-main-organization-logo"},"sameAs":["https:\/\/www.facebook.com\/Informator.Szkolny.uczelnie"],"telephone":[],"openingHoursSpecification":[{"@type":"OpeningHoursSpecification","dayOfWeek":["Monday","Tuesday","Wednesday","Thursday","Friday","Saturday","Sunday"],"opens":"09:00","closes":"17:00"}]},{"@type":"Person","@id":"https:\/\/informatorszkolny.com\/#\/schema\/person\/38d04291dfe45fded1d6b70769a2ae4f","name":"Piotr","image":{"@type":"ImageObject","inLanguage":"en-US","@id":"https:\/\/informatorszkolny.com\/#\/schema\/person\/image\/","url":"https:\/\/secure.gravatar.com\/avatar\/c292ca9fe58ed2f573453cce52c1f1db810be7813f35a109d6567c2a69fc78aa?s=96&d=mm&r=g","contentUrl":"https:\/\/secure.gravatar.com\/avatar\/c292ca9fe58ed2f573453cce52c1f1db810be7813f35a109d6567c2a69fc78aa?s=96&d=mm&r=g","caption":"Piotr"},"url":"https:\/\/informatorszkolny.com\/en\/author\/piotr\/"},{"@type":"ImageObject","inLanguage":"en-US","@id":"https:\/\/informatorszkolny.com\/ii-jesienne-sympozjum-kosmetologii-w-kampusie-nr-2-wsiiz\/#local-main-organization-logo","url":"https:\/\/informatorszkolny.com\/wp-content\/uploads\/2021\/07\/logo-without-hat.svg","contentUrl":"https:\/\/informatorszkolny.com\/wp-content\/uploads\/2021\/07\/logo-without-hat.svg","width":190,"height":50,"caption":"Informator Szkolny"}]}},"_links":{"self":[{"href":"https:\/\/informatorszkolny.com\/en\/wp-json\/wp\/v2\/posts\/9894","targetHints":{"allow":["GET"]}}],"collection":[{"href":"https:\/\/informatorszkolny.com\/en\/wp-json\/wp\/v2\/posts"}],"about":[{"href":"https:\/\/informatorszkolny.com\/en\/wp-json\/wp\/v2\/types\/post"}],"author":[{"embeddable":true,"href":"https:\/\/informatorszkolny.com\/en\/wp-json\/wp\/v2\/users\/2"}],"replies":[{"embeddable":true,"href":"https:\/\/informatorszkolny.com\/en\/wp-json\/wp\/v2\/comments?post=9894"}],"version-history":[{"count":4,"href":"https:\/\/informatorszkolny.com\/en\/wp-json\/wp\/v2\/posts\/9894\/revisions"}],"predecessor-version":[{"id":9898,"href":"https:\/\/informatorszkolny.com\/en\/wp-json\/wp\/v2\/posts\/9894\/revisions\/9898"}],"wp:featuredmedia":[{"embeddable":true,"href":"https:\/\/informatorszkolny.com\/en\/wp-json\/wp\/v2\/media\/9890"}],"wp:attachment":[{"href":"https:\/\/informatorszkolny.com\/en\/wp-json\/wp\/v2\/media?parent=9894"}],"wp:term":[{"taxonomy":"category","embeddable":true,"href":"https:\/\/informatorszkolny.com\/en\/wp-json\/wp\/v2\/categories?post=9894"},{"taxonomy":"post_tag","embeddable":true,"href":"https:\/\/informatorszkolny.com\/en\/wp-json\/wp\/v2\/tags?post=9894"}],"curies":[{"name":"wp","href":"https:\/\/api.w.org\/{rel}","templated":true}]}}